{"id":1734,"date":"2022-06-03T09:43:20","date_gmt":"2022-06-03T07:43:20","guid":{"rendered":"http:\/\/parafiakrynice.pl\/?p=1734"},"modified":"2022-06-03T09:47:13","modified_gmt":"2022-06-03T07:47:13","slug":"pielgrzymka-krakow-wadowice-zakopane","status":"publish","type":"post","link":"http:\/\/parafiakrynice.pl\/?p=1734","title":{"rendered":"Pielgrzymka: Krak\u00f3w, Wadowice, Zakopane"},"content":{"rendered":"\n<p>Serdecznie zapraszam do wzi\u0119cia udzia\u0142u w pielgrzymce do Krakowa na \u0141agiewniki, Wadowice i Zakopane, zaplanowanej na dzie\u0144 17 i 18 czerwca 2022 roku (pi\u0105tek i sobota). Wyjazd z Krynic o godz.\u00a0<strong>1:00<\/strong>. <strong>Zapisy u ksi\u0119dza Mariusza tel. 791133040 cena pielgrzymki 320z\u0142<\/strong><\/p>\n\n\n\n<p><strong>NAJPOTRZEBNIEJSZY EKWIPUNEK:<\/strong><\/p>\n\n\n\n<p><strong>&#8211; r\u00f3\u017caniec<\/strong><\/p>\n\n\n\n<p><strong>&#8211; buty z tward\u0105 podeszw\u0105, najlepiej wysokie zakrywaj\u0105ce kostk\u0119<\/strong><\/p>\n\n\n\n<p><strong>&#8211; czapka<\/strong><\/p>\n\n\n\n<p><strong>&#8211; grube skarpety<\/strong><\/p>\n\n\n\n<p><strong>&#8211; kurtka od deszczu (wiatr\u00f3wka) lub p\u0142aszcz (w \u017cadnym razie parasol)<\/strong><\/p>\n\n\n\n<p><strong>&#8211; buty do chodzenia po mieszkaniu<\/strong><\/p>\n\n\n\n<p><strong>&#8211; r\u0119kawice cienkie<\/strong><\/p>\n\n\n\n<p><strong>&#8211; przybory do mycia<\/strong><\/p>\n\n\n\n<p><strong>&#8211; ma\u0142y podr\u0119czny plecak<\/strong><\/p>\n\n\n\n<p><strong>&#8211; kanapki na \u015bniadanie w pierwszy dzie\u0144 wyprawy i co\u015b do picia<\/strong><\/p>\n\n\n\n<p><strong>&#8211; wa\u017cna legitymacja szkolna lub emeryta, rencisty, kombatanta<\/strong><\/p>\n\n\n\n<p><strong>&#8211; poduszka turystyczna do drzemki w autokarze<\/strong><\/p>\n\n\n\n<p><strong>&#8211; drobne kieszonkowe<\/strong><\/p>\n\n\n\n<p><strong>* <em>Cena pielgrzymki zawiera przejazd autokarem, obiad, op\u0142ata przewodnik\u00f3w, ofiara w sanktuariach, bilety wst\u0119pu do muzeum, na szlaki turystyczne, kolejki, grill-kolacja, op\u0142ata zespo\u0142u muzycznego, nocleg, \u015bniadanie, obiadokolacj\u0119, ubezpieczenie<\/em><\/strong><\/p>\n\n\n\n<p><strong><em><u>* Organizatorzy zastrzegaj\u0105 sobie prawo wprowadzania drobnych zmian w programie wycieczki<\/u><\/em><\/strong><\/p>\n\n\n\n<p><strong>Dzie\u0144 pierwszy:<\/strong><\/p>\n\n\n\n<p><strong>Szczeg\u00f3\u0142owy plan pielgrzymki<\/strong><\/p>\n\n\n\n<p><strong>17 czerwca 2022 roku<\/strong><\/p>\n\n\n\n<p><strong>1<sup>00<\/sup> \u2013 Wyjazd z parkingu przy ko\u015bciele w Krynicach<\/strong><\/p>\n\n\n\n<p><strong>5<sup>45<\/sup> \u2013 Poranna toaleta i przygotowanie do Mszy \u015aw.<\/strong><\/p>\n\n\n\n<p><strong>6<sup>30<\/sup>&nbsp;&nbsp;&nbsp;&nbsp; &#8211; Msza \u015bw. w &nbsp;kaplicy z \u0142askami s\u0142yn\u0105cym obrazem Jezusa Mi\u0142osiernego i grobem \u015bw. Siostry Faustyny w intencji rodzin dzieci pierwszokomunijnych i rocznicowych<\/strong><\/p>\n\n\n\n<p><strong>7<sup>15<\/sup>&#8211;&nbsp;&nbsp;&nbsp; Zwiedzanie Sanktuarium Mi\u0142osierdzia Bo\u017cego<\/strong><\/p>\n\n\n\n<p><strong>9<sup>20 <\/sup>\u2013 Wyjazd do Wadowic<\/strong><\/p>\n\n\n\n<p><strong>11<sup>30<\/sup> \u2013Zwiedzanie Domu rodzinnego Karola Wojty\u0142y<\/strong><\/p>\n\n\n\n<p><strong>14<sup>00<\/sup> \u2013 Obiad<\/strong><\/p>\n\n\n\n<p><strong>18<sup>00<\/sup> \u2013 Grill lub ognisko kie\u0142baski serki i inne delicje g\u00f3ralskie<\/strong><\/p>\n\n\n\n<p><strong>&nbsp;&nbsp;&nbsp;&nbsp;&nbsp;&nbsp;&nbsp;&nbsp; Pokaz i nauka ta\u0144ca g\u00f3ralskiego zespo\u0142u dzieci\u0119cego z Bia\u0142ego Dunajca<\/strong><\/p>\n\n\n\n<p><strong>22<sup>00<\/sup> \u2013 Cisza nocna<\/strong><\/p>\n\n\n\n<p><strong>Dzie\u0144 drugi:&nbsp;<\/strong><\/p>\n\n\n\n<p><strong>18 czerwca 2022 roku&nbsp;&nbsp;<\/strong><\/p>\n\n\n\n<p><strong>7<sup>00<\/sup> \u2013 \u015aniadanie<\/strong><\/p>\n\n\n\n<p><strong>7<sup>45<\/sup> \u2013 Wyjazd na Krzept\u00f3wki do ko\u015bcio\u0142a Niepokalanego Pocz\u0119cia Naj\u015bwi\u0119tszej Maryi Panny &nbsp;<\/strong><\/p>\n\n\n\n<p><strong>8<sup>30<\/sup>&nbsp;&nbsp;&nbsp;&nbsp; &#8211; Msza \u015bw. w Sanktuarium Matki Bo\u017cej Fatimskiej w intencji dzieci<\/strong><\/p>\n\n\n\n<p><strong>10<sup>00<\/sup> \u2013 Powr\u00f3t do autokaru.<\/strong><\/p>\n\n\n\n<p><strong>&#8211; Wyjazd do Doliny Chocho\u0142owskiej lub przejazd kolejk\u0105 na Guba\u0142\u00f3wk\u0119<\/strong><\/p>\n\n\n\n<p><strong>15<sup>00<\/sup>&#8211; przejazd do Zakopanego do Skoczni, czas wolny w obr\u0119bie Krup\u00f3wek na zakup drobnych pami\u0105tek.<\/strong><\/p>\n\n\n\n<p><strong>16.30 zbi\u00f3rka przy autokarze<\/strong><\/p>\n\n\n\n<p><strong>17<sup>00<\/sup> \u2013 obiadokolacja u Pani Zosi i&nbsp; wyjazd z Zakopanego.<\/strong><\/p>\n\n\n\n<p><strong>24<sup>00<\/sup> \u2013 Planowany powr\u00f3t do Krynic.<\/strong><\/p>\n","protected":false},"excerpt":{"rendered":"<p>Serdecznie zapraszam do wzi\u0119cia udzia\u0142u w pielgrzymce do Krakowa na \u0141agiewniki, Wadowice i Zakopane, zaplanowanej na dzie\u0144 17 i 18&nbsp;[&hellip;]<\/p>\n","protected":false},"author":3,"featured_media":1735,"comment_status":"closed","ping_status":"closed","sticky":false,"template":"","format":"standard","meta":{"ngg_post_thumbnail":0},"categories":[1],"tags":[],"_links":{"self":[{"href":"http:\/\/parafiakrynice.pl\/index.php?rest_route=\/wp\/v2\/posts\/1734"}],"collection":[{"href":"http:\/\/parafiakrynice.pl\/index.php?rest_route=\/wp\/v2\/posts"}],"about":[{"href":"http:\/\/parafiakrynice.pl\/index.php?rest_route=\/wp\/v2\/types\/post"}],"author":[{"embeddable":true,"href":"http:\/\/parafiakrynice.pl\/index.php?rest_route=\/wp\/v2\/users\/3"}],"replies":[{"embeddable":true,"href":"http:\/\/parafiakrynice.pl\/index.php?rest_route=%2Fwp%2Fv2%2Fcomments&post=1734"}],"version-history":[{"count":2,"href":"http:\/\/parafiakrynice.pl\/index.php?rest_route=\/wp\/v2\/posts\/1734\/revisions"}],"predecessor-version":[{"id":1737,"href":"http:\/\/parafiakrynice.pl\/index.php?rest_route=\/wp\/v2\/posts\/1734\/revisions\/1737"}],"wp:featuredmedia":[{"embeddable":true,"href":"http:\/\/parafiakrynice.pl\/index.php?rest_route=\/wp\/v2\/media\/1735"}],"wp:attachment":[{"href":"http:\/\/parafiakrynice.pl\/index.php?rest_route=%2Fwp%2Fv2%2Fmedia&parent=1734"}],"wp:term":[{"taxonomy":"category","embeddable":true,"href":"http:\/\/parafiakrynice.pl\/index.php?rest_route=%2Fwp%2Fv2%2Fcategories&post=1734"},{"taxonomy":"post_tag","embeddable":true,"href":"http:\/\/parafiakrynice.pl\/index.php?rest_route=%2Fwp%2Fv2%2Ftags&post=1734"}],"curies":[{"name":"wp","href":"https:\/\/api.w.org\/{rel}","templated":true}]}}